{"id":1120,"date":"2022-06-17T10:59:58","date_gmt":"2022-06-17T10:59:58","guid":{"rendered":"https:\/\/www.realhotelsgroup.com\/\/news\/\/"},"modified":"2022-06-17T11:43:59","modified_gmt":"2022-06-17T11:43:59","slug":"projecto-reciclar-e-alimentar","status":"publish","type":"post","link":"https:\/\/www.realhotelsgroup.com\/pt-pt\/news\/projecto-reciclar-e-alimentar\/","title":{"rendered":"Projecto Reciclar \u00e9 Alimentar"},"content":{"rendered":"<p>No <strong>Real Hotels Group<\/strong> integramos preocupa\u00e7\u00f5es sociais e ambientais nas nossas opera\u00e7\u00f5es quotidianas, por isso a participa\u00e7\u00e3o no <strong>Projecto Reciclar \u00e9 Alimentar<\/strong> surge de forma muito natural.<\/p>\n<p><strong>\u00c9 com orgulho que agradecemos aos nossos colaboradores, no <a href=\"\/\/www.granderealsantaeulalia.realhotelsgroup.com\" target=\"_blank\" rel=\"noopener\">Grande Real Santa Eul\u00e1lia Resort &amp; Hotel Spa<\/a> e no <a href=\"https:\/\/www.realmarina.realhotelsgroup.com\" target=\"_blank\" rel=\"noopener\">Real Marina Hotel &amp; Spa<\/a>, que reciclaram, durante o ano de 2021, 241kg de c\u00e1psulas Nespresso, o que contribuiu para uma doa\u00e7\u00e3o global de 256 ton de arroz para o Banco Alimentar.<\/strong><\/p>\n<p>O Projeto Reciclar \u00e9 Alimentar nasceu em Portugal como uma forma de reutilizar a borra de caf\u00e9 e foi j\u00e1 replicado em diversos pa\u00edses europeus. Quando entrega as suas c\u00e1psulas para reciclar, um parceiro da Nespresso separa a borra do alum\u00ednio. O alum\u00ednio segue a fileira da reciclagem e \u00e9 integrado em novos objetos e a borra integra um composto agr\u00edcola que \u00e9 usado em arrozais, em Alc\u00e1cer do Sal. Este arroz \u00e9 posteriormente comprado pela Nespresso e doado ao Banco Alimentar Contra a Fome.<\/p>\n<p>Faz parte do nosso esp\u00edrito hoteleiro cuidar de pessoas e lugares. Com atitude, compromisso e paix\u00e3o vamos criar um mundo melhor.<\/p>\n<p>&nbsp;<\/p>\n<h3>Declara\u00e7\u00f5es:<\/h3>\n<p><a href=\"https:\/\/www.realhotelsgroup.com\/wp-content\/uploads\/sites\/219\/2022\/06\/Nespresso-Grande-Real-Santa-Eulalia-Hotel-Algarve.pdf\" target=\"_blank\" rel=\"noopener\"><strong>Grande Real Santa Eul\u00e1lia Resort &amp; Hotel Spa<\/strong><\/a><br \/>\n<a href=\"https:\/\/www.realhotelsgroup.com\/wp-content\/uploads\/sites\/219\/2022\/06\/Nespresso-Real-Marina-Hotel-Olhao.pdf\" target=\"_blank\" rel=\"noopener\"><strong>Real Marina Hotel &amp; Spa<\/strong><\/a><\/p>\n<p>&nbsp;<\/p>\n<p>&nbsp;<\/p>\n","protected":false},"excerpt":{"rendered":"<p>No Real Hotels Group integramos preocupa\u00e7\u00f5es sociais e ambientais nas nossas opera\u00e7\u00f5es quotidianas, por isso a participa\u00e7\u00e3o no Projecto Reciclar \u00e9 Alimentar surge de forma muito natural. \u00c9 com orgulho que agradecemos aos nossos colaboradores, no Grande Real Santa Eul\u00e1lia Resort &amp; Hotel Spa e no Real Marina Hotel &amp; Spa, que reciclaram, durante o [&hellip;]<\/p>\n","protected":false},"author":241,"featured_media":1126,"comment_status":"open","ping_status":"open","sticky":false,"template":"","format":"standard","meta":{"footnotes":""},"categories":[2],"tags":[],"class_list":["post-1120","post","type-post","status-publish","format-standard","has-post-thumbnail","hentry","category-sem-categoria"],"yoast_head":"<!-- This site is optimized with the Yoast SEO plugin v26.9 - https:\/\/yoast.com\/product\/yoast-seo-wordpress\/ -->\n<title>Projecto Reciclar \u00e9 Alimentar - Real Hotels Group<\/title>\n<meta name=\"robots\" content=\"index, follow, max-snippet:-1, max-image-preview:large, max-video-preview:-1\" \/>\n<link rel=\"canonical\" href=\"https:\/\/www.realhotelsgroup.com\/pt-pt\/news\/projecto-reciclar-e-alimentar\/\" \/>\n<meta property=\"og:locale\" content=\"pt_PT\" \/>\n<meta property=\"og:type\" content=\"article\" \/>\n<meta property=\"og:title\" content=\"Projecto Reciclar \u00e9 Alimentar - Real Hotels Group\" \/>\n<meta property=\"og:description\" content=\"No Real Hotels Group integramos preocupa\u00e7\u00f5es sociais e ambientais nas nossas opera\u00e7\u00f5es quotidianas, por isso a participa\u00e7\u00e3o no Projecto Reciclar \u00e9 Alimentar surge de forma muito natural. \u00c9 com orgulho que agradecemos aos nossos colaboradores, no Grande Real Santa Eul\u00e1lia Resort &amp; Hotel Spa e no Real Marina Hotel &amp; Spa, que reciclaram, durante o [&hellip;]\" \/>\n<meta property=\"og:url\" content=\"https:\/\/www.realhotelsgroup.com\/pt-pt\/news\/projecto-reciclar-e-alimentar\/\" \/>\n<meta property=\"og:site_name\" content=\"Real Hotels Group\" \/>\n<meta property=\"article:published_time\" content=\"2022-06-17T10:59:58+00:00\" \/>\n<meta property=\"article:modified_time\" content=\"2022-06-17T11:43:59+00:00\" \/>\n<meta property=\"og:image\" content=\"https:\/\/www.realhotelsgroup.com\/wp-content\/uploads\/sites\/219\/2022\/06\/Real-Hotels-Group-Nespresso-Reciclar.jpg\" \/>\n\t<meta property=\"og:image:width\" content=\"1000\" \/>\n\t<meta property=\"og:image:height\" content=\"668\" \/>\n\t<meta property=\"og:image:type\" content=\"image\/jpeg\" \/>\n<meta name=\"author\" content=\"realhotels\" \/>\n<meta name=\"twitter:card\" content=\"summary_large_image\" \/>\n<meta name=\"twitter:label1\" content=\"Escrito por\" \/>\n\t<meta name=\"twitter:data1\" content=\"realhotels\" \/>\n\t<meta name=\"twitter:label2\" content=\"Tempo estimado de leitura\" \/>\n\t<meta name=\"twitter:data2\" content=\"1 minuto\" \/>\n<script type=\"application\/ld+json\" class=\"yoast-schema-graph\">{\"@context\":\"https:\/\/schema.org\",\"@graph\":[{\"@type\":\"Article\",\"@id\":\"https:\/\/www.realhotelsgroup.com\/pt-pt\/news\/projecto-reciclar-e-alimentar\/#article\",\"isPartOf\":{\"@id\":\"https:\/\/www.realhotelsgroup.com\/pt-pt\/news\/projecto-reciclar-e-alimentar\/\"},\"author\":{\"name\":\"realhotels\",\"@id\":\"https:\/\/www.realhotelsgroup.com\/pt-pt\/#\/schema\/person\/db95ee8fa0a79f3b0e21ad1e7f11fccc\"},\"headline\":\"Projecto Reciclar \u00e9 Alimentar\",\"datePublished\":\"2022-06-17T10:59:58+00:00\",\"dateModified\":\"2022-06-17T11:43:59+00:00\",\"mainEntityOfPage\":{\"@id\":\"https:\/\/www.realhotelsgroup.com\/pt-pt\/news\/projecto-reciclar-e-alimentar\/\"},\"wordCount\":212,\"commentCount\":0,\"image\":{\"@id\":\"https:\/\/www.realhotelsgroup.com\/pt-pt\/news\/projecto-reciclar-e-alimentar\/#primaryimage\"},\"thumbnailUrl\":\"https:\/\/www.realhotelsgroup.com\/wp-content\/uploads\/sites\/219\/2022\/06\/Real-Hotels-Group-Nespresso-Reciclar.jpg\",\"inLanguage\":\"pt-PT\",\"potentialAction\":[{\"@type\":\"CommentAction\",\"name\":\"Comment\",\"target\":[\"https:\/\/www.realhotelsgroup.com\/pt-pt\/news\/projecto-reciclar-e-alimentar\/#respond\"]}]},{\"@type\":\"WebPage\",\"@id\":\"https:\/\/www.realhotelsgroup.com\/pt-pt\/news\/projecto-reciclar-e-alimentar\/\",\"url\":\"https:\/\/www.realhotelsgroup.com\/pt-pt\/news\/projecto-reciclar-e-alimentar\/\",\"name\":\"Projecto Reciclar \u00e9 Alimentar - Real Hotels Group\",\"isPartOf\":{\"@id\":\"https:\/\/www.realhotelsgroup.com\/pt-pt\/#website\"},\"primaryImageOfPage\":{\"@id\":\"https:\/\/www.realhotelsgroup.com\/pt-pt\/news\/projecto-reciclar-e-alimentar\/#primaryimage\"},\"image\":{\"@id\":\"https:\/\/www.realhotelsgroup.com\/pt-pt\/news\/projecto-reciclar-e-alimentar\/#primaryimage\"},\"thumbnailUrl\":\"https:\/\/www.realhotelsgroup.com\/wp-content\/uploads\/sites\/219\/2022\/06\/Real-Hotels-Group-Nespresso-Reciclar.jpg\",\"datePublished\":\"2022-06-17T10:59:58+00:00\",\"dateModified\":\"2022-06-17T11:43:59+00:00\",\"author\":{\"@id\":\"https:\/\/www.realhotelsgroup.com\/pt-pt\/#\/schema\/person\/db95ee8fa0a79f3b0e21ad1e7f11fccc\"},\"breadcrumb\":{\"@id\":\"https:\/\/www.realhotelsgroup.com\/pt-pt\/news\/projecto-reciclar-e-alimentar\/#breadcrumb\"},\"inLanguage\":\"pt-PT\",\"potentialAction\":[{\"@type\":\"ReadAction\",\"target\":[\"https:\/\/www.realhotelsgroup.com\/pt-pt\/news\/projecto-reciclar-e-alimentar\/\"]}]},{\"@type\":\"ImageObject\",\"inLanguage\":\"pt-PT\",\"@id\":\"https:\/\/www.realhotelsgroup.com\/pt-pt\/news\/projecto-reciclar-e-alimentar\/#primaryimage\",\"url\":\"https:\/\/www.realhotelsgroup.com\/wp-content\/uploads\/sites\/219\/2022\/06\/Real-Hotels-Group-Nespresso-Reciclar.jpg\",\"contentUrl\":\"https:\/\/www.realhotelsgroup.com\/wp-content\/uploads\/sites\/219\/2022\/06\/Real-Hotels-Group-Nespresso-Reciclar.jpg\",\"width\":1000,\"height\":668},{\"@type\":\"BreadcrumbList\",\"@id\":\"https:\/\/www.realhotelsgroup.com\/pt-pt\/news\/projecto-reciclar-e-alimentar\/#breadcrumb\",\"itemListElement\":[{\"@type\":\"ListItem\",\"position\":1,\"name\":\"Home\",\"item\":\"https:\/\/www.realhotelsgroup.com\/pt-pt\/\"},{\"@type\":\"ListItem\",\"position\":2,\"name\":\"Projecto Reciclar \u00e9 Alimentar\"}]},{\"@type\":\"WebSite\",\"@id\":\"https:\/\/www.realhotelsgroup.com\/pt-pt\/#website\",\"url\":\"https:\/\/www.realhotelsgroup.com\/pt-pt\/\",\"name\":\"Real Hotels Group\",\"description\":\"Just another ms.decms.eu site\",\"potentialAction\":[{\"@type\":\"SearchAction\",\"target\":{\"@type\":\"EntryPoint\",\"urlTemplate\":\"https:\/\/www.realhotelsgroup.com\/pt-pt\/?s={search_term_string}\"},\"query-input\":{\"@type\":\"PropertyValueSpecification\",\"valueRequired\":true,\"valueName\":\"search_term_string\"}}],\"inLanguage\":\"pt-PT\"},{\"@type\":\"Person\",\"@id\":\"https:\/\/www.realhotelsgroup.com\/pt-pt\/#\/schema\/person\/db95ee8fa0a79f3b0e21ad1e7f11fccc\",\"name\":\"realhotels\",\"image\":{\"@type\":\"ImageObject\",\"inLanguage\":\"pt-PT\",\"@id\":\"https:\/\/www.realhotelsgroup.com\/pt-pt\/#\/schema\/person\/image\/\",\"url\":\"https:\/\/secure.gravatar.com\/avatar\/3248d338c85f861b809144e9e2d907a1f04388a06a615b654254cd679a8a29df?s=96&d=mm&r=g\",\"contentUrl\":\"https:\/\/secure.gravatar.com\/avatar\/3248d338c85f861b809144e9e2d907a1f04388a06a615b654254cd679a8a29df?s=96&d=mm&r=g\",\"caption\":\"realhotels\"},\"url\":\"https:\/\/www.realhotelsgroup.com\/pt-pt\/author\/realhotels\/\"}]}<\/script>\n<!-- \/ Yoast SEO plugin. -->","yoast_head_json":{"title":"Projecto Reciclar \u00e9 Alimentar - Real Hotels Group","robots":{"index":"index","follow":"follow","max-snippet":"max-snippet:-1","max-image-preview":"max-image-preview:large","max-video-preview":"max-video-preview:-1"},"canonical":"https:\/\/www.realhotelsgroup.com\/pt-pt\/news\/projecto-reciclar-e-alimentar\/","og_locale":"pt_PT","og_type":"article","og_title":"Projecto Reciclar \u00e9 Alimentar - Real Hotels Group","og_description":"No Real Hotels Group integramos preocupa\u00e7\u00f5es sociais e ambientais nas nossas opera\u00e7\u00f5es quotidianas, por isso a participa\u00e7\u00e3o no Projecto Reciclar \u00e9 Alimentar surge de forma muito natural. \u00c9 com orgulho que agradecemos aos nossos colaboradores, no Grande Real Santa Eul\u00e1lia Resort &amp; Hotel Spa e no Real Marina Hotel &amp; Spa, que reciclaram, durante o [&hellip;]","og_url":"https:\/\/www.realhotelsgroup.com\/pt-pt\/news\/projecto-reciclar-e-alimentar\/","og_site_name":"Real Hotels Group","article_published_time":"2022-06-17T10:59:58+00:00","article_modified_time":"2022-06-17T11:43:59+00:00","og_image":[{"width":1000,"height":668,"url":"https:\/\/www.realhotelsgroup.com\/wp-content\/uploads\/sites\/219\/2022\/06\/Real-Hotels-Group-Nespresso-Reciclar.jpg","type":"image\/jpeg"}],"author":"realhotels","twitter_card":"summary_large_image","twitter_misc":{"Escrito por":"realhotels","Tempo estimado de leitura":"1 minuto"},"schema":{"@context":"https:\/\/schema.org","@graph":[{"@type":"Article","@id":"https:\/\/www.realhotelsgroup.com\/pt-pt\/news\/projecto-reciclar-e-alimentar\/#article","isPartOf":{"@id":"https:\/\/www.realhotelsgroup.com\/pt-pt\/news\/projecto-reciclar-e-alimentar\/"},"author":{"name":"realhotels","@id":"https:\/\/www.realhotelsgroup.com\/pt-pt\/#\/schema\/person\/db95ee8fa0a79f3b0e21ad1e7f11fccc"},"headline":"Projecto Reciclar \u00e9 Alimentar","datePublished":"2022-06-17T10:59:58+00:00","dateModified":"2022-06-17T11:43:59+00:00","mainEntityOfPage":{"@id":"https:\/\/www.realhotelsgroup.com\/pt-pt\/news\/projecto-reciclar-e-alimentar\/"},"wordCount":212,"commentCount":0,"image":{"@id":"https:\/\/www.realhotelsgroup.com\/pt-pt\/news\/projecto-reciclar-e-alimentar\/#primaryimage"},"thumbnailUrl":"https:\/\/www.realhotelsgroup.com\/wp-content\/uploads\/sites\/219\/2022\/06\/Real-Hotels-Group-Nespresso-Reciclar.jpg","inLanguage":"pt-PT","potentialAction":[{"@type":"CommentAction","name":"Comment","target":["https:\/\/www.realhotelsgroup.com\/pt-pt\/news\/projecto-reciclar-e-alimentar\/#respond"]}]},{"@type":"WebPage","@id":"https:\/\/www.realhotelsgroup.com\/pt-pt\/news\/projecto-reciclar-e-alimentar\/","url":"https:\/\/www.realhotelsgroup.com\/pt-pt\/news\/projecto-reciclar-e-alimentar\/","name":"Projecto Reciclar \u00e9 Alimentar - Real Hotels Group","isPartOf":{"@id":"https:\/\/www.realhotelsgroup.com\/pt-pt\/#website"},"primaryImageOfPage":{"@id":"https:\/\/www.realhotelsgroup.com\/pt-pt\/news\/projecto-reciclar-e-alimentar\/#primaryimage"},"image":{"@id":"https:\/\/www.realhotelsgroup.com\/pt-pt\/news\/projecto-reciclar-e-alimentar\/#primaryimage"},"thumbnailUrl":"https:\/\/www.realhotelsgroup.com\/wp-content\/uploads\/sites\/219\/2022\/06\/Real-Hotels-Group-Nespresso-Reciclar.jpg","datePublished":"2022-06-17T10:59:58+00:00","dateModified":"2022-06-17T11:43:59+00:00","author":{"@id":"https:\/\/www.realhotelsgroup.com\/pt-pt\/#\/schema\/person\/db95ee8fa0a79f3b0e21ad1e7f11fccc"},"breadcrumb":{"@id":"https:\/\/www.realhotelsgroup.com\/pt-pt\/news\/projecto-reciclar-e-alimentar\/#breadcrumb"},"inLanguage":"pt-PT","potentialAction":[{"@type":"ReadAction","target":["https:\/\/www.realhotelsgroup.com\/pt-pt\/news\/projecto-reciclar-e-alimentar\/"]}]},{"@type":"ImageObject","inLanguage":"pt-PT","@id":"https:\/\/www.realhotelsgroup.com\/pt-pt\/news\/projecto-reciclar-e-alimentar\/#primaryimage","url":"https:\/\/www.realhotelsgroup.com\/wp-content\/uploads\/sites\/219\/2022\/06\/Real-Hotels-Group-Nespresso-Reciclar.jpg","contentUrl":"https:\/\/www.realhotelsgroup.com\/wp-content\/uploads\/sites\/219\/2022\/06\/Real-Hotels-Group-Nespresso-Reciclar.jpg","width":1000,"height":668},{"@type":"BreadcrumbList","@id":"https:\/\/www.realhotelsgroup.com\/pt-pt\/news\/projecto-reciclar-e-alimentar\/#breadcrumb","itemListElement":[{"@type":"ListItem","position":1,"name":"Home","item":"https:\/\/www.realhotelsgroup.com\/pt-pt\/"},{"@type":"ListItem","position":2,"name":"Projecto Reciclar \u00e9 Alimentar"}]},{"@type":"WebSite","@id":"https:\/\/www.realhotelsgroup.com\/pt-pt\/#website","url":"https:\/\/www.realhotelsgroup.com\/pt-pt\/","name":"Real Hotels Group","description":"Just another ms.decms.eu site","potentialAction":[{"@type":"SearchAction","target":{"@type":"EntryPoint","urlTemplate":"https:\/\/www.realhotelsgroup.com\/pt-pt\/?s={search_term_string}"},"query-input":{"@type":"PropertyValueSpecification","valueRequired":true,"valueName":"search_term_string"}}],"inLanguage":"pt-PT"},{"@type":"Person","@id":"https:\/\/www.realhotelsgroup.com\/pt-pt\/#\/schema\/person\/db95ee8fa0a79f3b0e21ad1e7f11fccc","name":"realhotels","image":{"@type":"ImageObject","inLanguage":"pt-PT","@id":"https:\/\/www.realhotelsgroup.com\/pt-pt\/#\/schema\/person\/image\/","url":"https:\/\/secure.gravatar.com\/avatar\/3248d338c85f861b809144e9e2d907a1f04388a06a615b654254cd679a8a29df?s=96&d=mm&r=g","contentUrl":"https:\/\/secure.gravatar.com\/avatar\/3248d338c85f861b809144e9e2d907a1f04388a06a615b654254cd679a8a29df?s=96&d=mm&r=g","caption":"realhotels"},"url":"https:\/\/www.realhotelsgroup.com\/pt-pt\/author\/realhotels\/"}]}},"acf":[],"_links":{"self":[{"href":"https:\/\/www.realhotelsgroup.com\/pt-pt\/wp-json\/wp\/v2\/posts\/1120","targetHints":{"allow":["GET"]}}],"collection":[{"href":"https:\/\/www.realhotelsgroup.com\/pt-pt\/wp-json\/wp\/v2\/posts"}],"about":[{"href":"https:\/\/www.realhotelsgroup.com\/pt-pt\/wp-json\/wp\/v2\/types\/post"}],"author":[{"embeddable":true,"href":"https:\/\/www.realhotelsgroup.com\/pt-pt\/wp-json\/wp\/v2\/users\/241"}],"replies":[{"embeddable":true,"href":"https:\/\/www.realhotelsgroup.com\/pt-pt\/wp-json\/wp\/v2\/comments?post=1120"}],"version-history":[{"count":0,"href":"https:\/\/www.realhotelsgroup.com\/pt-pt\/wp-json\/wp\/v2\/posts\/1120\/revisions"}],"wp:featuredmedia":[{"embeddable":true,"href":"https:\/\/www.realhotelsgroup.com\/pt-pt\/wp-json\/wp\/v2\/media\/1126"}],"wp:attachment":[{"href":"https:\/\/www.realhotelsgroup.com\/pt-pt\/wp-json\/wp\/v2\/media?parent=1120"}],"wp:term":[{"taxonomy":"category","embeddable":true,"href":"https:\/\/www.realhotelsgroup.com\/pt-pt\/wp-json\/wp\/v2\/categories?post=1120"},{"taxonomy":"post_tag","embeddable":true,"href":"https:\/\/www.realhotelsgroup.com\/pt-pt\/wp-json\/wp\/v2\/tags?post=1120"}],"curies":[{"name":"wp","href":"https:\/\/api.w.org\/{rel}","templated":true}]}}