{"id":1449,"date":"2023-05-18T11:29:29","date_gmt":"2023-05-18T11:29:29","guid":{"rendered":"https:\/\/www.realhotelsgroup.com\/\/news\/\/"},"modified":"2023-05-18T11:35:30","modified_gmt":"2023-05-18T11:35:30","slug":"praia-de-santa-eulalia-recebe-exposicao-subaquatica","status":"publish","type":"post","link":"https:\/\/www.realhotelsgroup.com\/pt-pt\/news\/praia-de-santa-eulalia-recebe-exposicao-subaquatica\/","title":{"rendered":"Praia de Santa Eul\u00e1lia recebe exposi\u00e7\u00e3o subaqu\u00e1tica"},"content":{"rendered":"<p class=\"ContentPasted1\">A partir de Maio a Praia de Santa Eul\u00e1lia vai receber a primeira exposi\u00e7\u00e3o subaqu\u00e1tica em territ\u00f3rio mar\u00edtimo portugu\u00eas.<span class=\"Apple-converted-space ContentPasted1\">\u00a0<\/span><\/p>\n<p class=\"ContentPasted1\">As obras foram criadas por Vhils a partir de pe\u00e7as provenientes de centrais termoel\u00e9tricas desativadas da EDP com o objetivo de gerar um novo recife artificial. Ser\u00e3o submersas a cerca de 12 metros de profundidade e apenas v\u00e3o poder ser visitadas por praticantes de mergulho qualificado. <span class=\"Apple-converted-space ContentPasted1\">\u00a0 \u00a0<\/span><\/p>\n<p class=\"ContentPasted1\">A instala\u00e7\u00e3o n\u00e3o ter\u00e1 impacto negativo no ecossistema, representando uma mais-valia ambiental que vai contribuir de forma positiva para o desenvolvimento do ecossistema local.<span class=\"Apple-converted-space ContentPasted1\">\u00a0<\/span><\/p>\n<p class=\"ContentPasted1\">O EDP Art Reef foi desenvolvido com o apoio de entidades como a C\u00e2mara Municipal de Albufeira, o Turismo de Portugal e o CCMar (Universidade do Algarve), e validado pela Dire\u00e7\u00e3o Geral de Recursos Naturais e pela Ag\u00eancia Portuguesa do Ambiente, assim como por outras entidades competentes.<\/p>\n<p><a href=\"https:\/\/www.instagram.com\/p\/Cpk8Nk2sgYz\/?utm_source=ig_embed&amp;utm_campaign=loading\"><img class=\"aligncenter wp-image-1453 lazy\" data-src=\"https:\/\/www.realhotelsgroup.com\/wp-content\/uploads\/sites\/219\/2023\/05\/Screenshot-2023-05-18-at-12.30.12-300x221.png\" alt=\"\" width=\"500\" height=\"368\" srcset=\"https:\/\/www.realhotelsgroup.com\/wp-content\/uploads\/sites\/219\/2023\/05\/Screenshot-2023-05-18-at-12.30.12-300x221.png 300w, https:\/\/www.realhotelsgroup.com\/wp-content\/uploads\/sites\/219\/2023\/05\/Screenshot-2023-05-18-at-12.30.12-768x566.png 768w, https:\/\/www.realhotelsgroup.com\/wp-content\/uploads\/sites\/219\/2023\/05\/Screenshot-2023-05-18-at-12.30.12.png 828w\" sizes=\"(max-width: 500px) 100vw, 500px\" \/><\/a><\/p>\n<p class=\"ContentPasted1\"><b class=\"ContentPasted1\">A partir de Maio<\/b><br class=\"ContentPasted1\" \/><b class=\"ContentPasted1\">Localiza\u00e7\u00e3o: <\/b>Praia de Santa Eul\u00e1lia, Albufeira, em frente ao Grande Real Santa Eul\u00e1lia Resort &amp; Hotel Spa<br class=\"ContentPasted1\" \/><b class=\"ContentPasted1\">Gr\u00e1tis<\/b> | Apenas visit\u00e1vel por mergulhadores<span class=\"Apple-converted-space ContentPasted1\">\u00a0<\/span><\/p>\n<p class=\"ContentPasted1\"><b class=\"ContentPasted1\">Vhils,<\/b> nome art\u00edstico de Alexandro Farto, \u00e9 um artista urbano conhecido pelos murais p\u00fablicos e instala\u00e7\u00f5es art\u00edsticas.<span class=\"Apple-converted-space ContentPasted1\">\u00a0<\/span><\/p>\n","protected":false},"excerpt":{"rendered":"<p>A partir de Maio a Praia de Santa Eul\u00e1lia vai receber a primeira exposi\u00e7\u00e3o subaqu\u00e1tica em territ\u00f3rio mar\u00edtimo portugu\u00eas.\u00a0 As obras foram criadas por Vhils a partir de pe\u00e7as provenientes de centrais termoel\u00e9tricas desativadas da EDP com o objetivo de gerar um novo recife artificial. Ser\u00e3o submersas a cerca de 12 metros de profundidade e [&hellip;]<\/p>\n","protected":false},"author":241,"featured_media":0,"comment_status":"open","ping_status":"open","sticky":false,"template":"","format":"standard","meta":{"footnotes":""},"categories":[1],"tags":[],"class_list":["post-1449","post","type-post","status-publish","format-standard","hentry","category-uncategorized"],"yoast_head":"<!-- This site is optimized with the Yoast SEO plugin v26.9 - https:\/\/yoast.com\/product\/yoast-seo-wordpress\/ -->\n<title>Praia de Santa Eul\u00e1lia recebe exposi\u00e7\u00e3o subaqu\u00e1tica - Real Hotels Group<\/title>\n<meta name=\"robots\" content=\"index, follow, max-snippet:-1, max-image-preview:large, max-video-preview:-1\" \/>\n<link rel=\"canonical\" href=\"https:\/\/www.realhotelsgroup.com\/pt-pt\/news\/praia-de-santa-eulalia-recebe-exposicao-subaquatica\/\" \/>\n<meta property=\"og:locale\" content=\"pt_PT\" \/>\n<meta property=\"og:type\" content=\"article\" \/>\n<meta property=\"og:title\" content=\"Praia de Santa Eul\u00e1lia recebe exposi\u00e7\u00e3o subaqu\u00e1tica - Real Hotels Group\" \/>\n<meta property=\"og:description\" content=\"A partir de Maio a Praia de Santa Eul\u00e1lia vai receber a primeira exposi\u00e7\u00e3o subaqu\u00e1tica em territ\u00f3rio mar\u00edtimo portugu\u00eas.\u00a0 As obras foram criadas por Vhils a partir de pe\u00e7as provenientes de centrais termoel\u00e9tricas desativadas da EDP com o objetivo de gerar um novo recife artificial. Ser\u00e3o submersas a cerca de 12 metros de profundidade e [&hellip;]\" \/>\n<meta property=\"og:url\" content=\"https:\/\/www.realhotelsgroup.com\/pt-pt\/news\/praia-de-santa-eulalia-recebe-exposicao-subaquatica\/\" \/>\n<meta property=\"og:site_name\" content=\"Real Hotels Group\" \/>\n<meta property=\"article:published_time\" content=\"2023-05-18T11:29:29+00:00\" \/>\n<meta property=\"article:modified_time\" content=\"2023-05-18T11:35:30+00:00\" \/>\n<meta property=\"og:image\" content=\"https:\/\/www.realhotelsgroup.com\/wp-content\/uploads\/sites\/219\/2023\/05\/Screenshot-2023-05-18-at-12.30.12-300x221.png\" \/>\n<meta name=\"author\" content=\"realhotels\" \/>\n<meta name=\"twitter:card\" content=\"summary_large_image\" \/>\n<meta name=\"twitter:label1\" content=\"Escrito por\" \/>\n\t<meta name=\"twitter:data1\" content=\"realhotels\" \/>\n\t<meta name=\"twitter:label2\" content=\"Tempo estimado de leitura\" \/>\n\t<meta name=\"twitter:data2\" content=\"1 minuto\" \/>\n<script type=\"application\/ld+json\" class=\"yoast-schema-graph\">{\"@context\":\"https:\/\/schema.org\",\"@graph\":[{\"@type\":\"Article\",\"@id\":\"https:\/\/www.realhotelsgroup.com\/pt-pt\/news\/praia-de-santa-eulalia-recebe-exposicao-subaquatica\/#article\",\"isPartOf\":{\"@id\":\"https:\/\/www.realhotelsgroup.com\/pt-pt\/news\/praia-de-santa-eulalia-recebe-exposicao-subaquatica\/\"},\"author\":{\"name\":\"realhotels\",\"@id\":\"https:\/\/www.realhotelsgroup.com\/pt-pt\/#\/schema\/person\/db95ee8fa0a79f3b0e21ad1e7f11fccc\"},\"headline\":\"Praia de Santa Eul\u00e1lia recebe exposi\u00e7\u00e3o subaqu\u00e1tica\",\"datePublished\":\"2023-05-18T11:29:29+00:00\",\"dateModified\":\"2023-05-18T11:35:30+00:00\",\"mainEntityOfPage\":{\"@id\":\"https:\/\/www.realhotelsgroup.com\/pt-pt\/news\/praia-de-santa-eulalia-recebe-exposicao-subaquatica\/\"},\"wordCount\":211,\"commentCount\":0,\"image\":{\"@id\":\"https:\/\/www.realhotelsgroup.com\/pt-pt\/news\/praia-de-santa-eulalia-recebe-exposicao-subaquatica\/#primaryimage\"},\"thumbnailUrl\":\"https:\/\/www.realhotelsgroup.com\/wp-content\/uploads\/sites\/219\/2023\/05\/Screenshot-2023-05-18-at-12.30.12-300x221.png\",\"articleSection\":[\"Uncategorized\"],\"inLanguage\":\"pt-PT\",\"potentialAction\":[{\"@type\":\"CommentAction\",\"name\":\"Comment\",\"target\":[\"https:\/\/www.realhotelsgroup.com\/pt-pt\/news\/praia-de-santa-eulalia-recebe-exposicao-subaquatica\/#respond\"]}]},{\"@type\":\"WebPage\",\"@id\":\"https:\/\/www.realhotelsgroup.com\/pt-pt\/news\/praia-de-santa-eulalia-recebe-exposicao-subaquatica\/\",\"url\":\"https:\/\/www.realhotelsgroup.com\/pt-pt\/news\/praia-de-santa-eulalia-recebe-exposicao-subaquatica\/\",\"name\":\"Praia de Santa Eul\u00e1lia recebe exposi\u00e7\u00e3o subaqu\u00e1tica - Real Hotels Group\",\"isPartOf\":{\"@id\":\"https:\/\/www.realhotelsgroup.com\/pt-pt\/#website\"},\"primaryImageOfPage\":{\"@id\":\"https:\/\/www.realhotelsgroup.com\/pt-pt\/news\/praia-de-santa-eulalia-recebe-exposicao-subaquatica\/#primaryimage\"},\"image\":{\"@id\":\"https:\/\/www.realhotelsgroup.com\/pt-pt\/news\/praia-de-santa-eulalia-recebe-exposicao-subaquatica\/#primaryimage\"},\"thumbnailUrl\":\"https:\/\/www.realhotelsgroup.com\/wp-content\/uploads\/sites\/219\/2023\/05\/Screenshot-2023-05-18-at-12.30.12-300x221.png\",\"datePublished\":\"2023-05-18T11:29:29+00:00\",\"dateModified\":\"2023-05-18T11:35:30+00:00\",\"author\":{\"@id\":\"https:\/\/www.realhotelsgroup.com\/pt-pt\/#\/schema\/person\/db95ee8fa0a79f3b0e21ad1e7f11fccc\"},\"breadcrumb\":{\"@id\":\"https:\/\/www.realhotelsgroup.com\/pt-pt\/news\/praia-de-santa-eulalia-recebe-exposicao-subaquatica\/#breadcrumb\"},\"inLanguage\":\"pt-PT\",\"potentialAction\":[{\"@type\":\"ReadAction\",\"target\":[\"https:\/\/www.realhotelsgroup.com\/pt-pt\/news\/praia-de-santa-eulalia-recebe-exposicao-subaquatica\/\"]}]},{\"@type\":\"ImageObject\",\"inLanguage\":\"pt-PT\",\"@id\":\"https:\/\/www.realhotelsgroup.com\/pt-pt\/news\/praia-de-santa-eulalia-recebe-exposicao-subaquatica\/#primaryimage\",\"url\":\"https:\/\/www.realhotelsgroup.com\/wp-content\/uploads\/sites\/219\/2023\/05\/Screenshot-2023-05-18-at-12.30.12-300x221.png\",\"contentUrl\":\"https:\/\/www.realhotelsgroup.com\/wp-content\/uploads\/sites\/219\/2023\/05\/Screenshot-2023-05-18-at-12.30.12-300x221.png\"},{\"@type\":\"BreadcrumbList\",\"@id\":\"https:\/\/www.realhotelsgroup.com\/pt-pt\/news\/praia-de-santa-eulalia-recebe-exposicao-subaquatica\/#breadcrumb\",\"itemListElement\":[{\"@type\":\"ListItem\",\"position\":1,\"name\":\"Home\",\"item\":\"https:\/\/www.realhotelsgroup.com\/pt-pt\/\"},{\"@type\":\"ListItem\",\"position\":2,\"name\":\"Praia de Santa Eul\u00e1lia recebe exposi\u00e7\u00e3o subaqu\u00e1tica\"}]},{\"@type\":\"WebSite\",\"@id\":\"https:\/\/www.realhotelsgroup.com\/pt-pt\/#website\",\"url\":\"https:\/\/www.realhotelsgroup.com\/pt-pt\/\",\"name\":\"Real Hotels Group\",\"description\":\"Just another ms.decms.eu site\",\"potentialAction\":[{\"@type\":\"SearchAction\",\"target\":{\"@type\":\"EntryPoint\",\"urlTemplate\":\"https:\/\/www.realhotelsgroup.com\/pt-pt\/?s={search_term_string}\"},\"query-input\":{\"@type\":\"PropertyValueSpecification\",\"valueRequired\":true,\"valueName\":\"search_term_string\"}}],\"inLanguage\":\"pt-PT\"},{\"@type\":\"Person\",\"@id\":\"https:\/\/www.realhotelsgroup.com\/pt-pt\/#\/schema\/person\/db95ee8fa0a79f3b0e21ad1e7f11fccc\",\"name\":\"realhotels\",\"image\":{\"@type\":\"ImageObject\",\"inLanguage\":\"pt-PT\",\"@id\":\"https:\/\/www.realhotelsgroup.com\/pt-pt\/#\/schema\/person\/image\/\",\"url\":\"https:\/\/secure.gravatar.com\/avatar\/3248d338c85f861b809144e9e2d907a1f04388a06a615b654254cd679a8a29df?s=96&d=mm&r=g\",\"contentUrl\":\"https:\/\/secure.gravatar.com\/avatar\/3248d338c85f861b809144e9e2d907a1f04388a06a615b654254cd679a8a29df?s=96&d=mm&r=g\",\"caption\":\"realhotels\"},\"url\":\"https:\/\/www.realhotelsgroup.com\/pt-pt\/author\/realhotels\/\"}]}<\/script>\n<!-- \/ Yoast SEO plugin. -->","yoast_head_json":{"title":"Praia de Santa Eul\u00e1lia recebe exposi\u00e7\u00e3o subaqu\u00e1tica - Real Hotels Group","robots":{"index":"index","follow":"follow","max-snippet":"max-snippet:-1","max-image-preview":"max-image-preview:large","max-video-preview":"max-video-preview:-1"},"canonical":"https:\/\/www.realhotelsgroup.com\/pt-pt\/news\/praia-de-santa-eulalia-recebe-exposicao-subaquatica\/","og_locale":"pt_PT","og_type":"article","og_title":"Praia de Santa Eul\u00e1lia recebe exposi\u00e7\u00e3o subaqu\u00e1tica - Real Hotels Group","og_description":"A partir de Maio a Praia de Santa Eul\u00e1lia vai receber a primeira exposi\u00e7\u00e3o subaqu\u00e1tica em territ\u00f3rio mar\u00edtimo portugu\u00eas.\u00a0 As obras foram criadas por Vhils a partir de pe\u00e7as provenientes de centrais termoel\u00e9tricas desativadas da EDP com o objetivo de gerar um novo recife artificial. Ser\u00e3o submersas a cerca de 12 metros de profundidade e [&hellip;]","og_url":"https:\/\/www.realhotelsgroup.com\/pt-pt\/news\/praia-de-santa-eulalia-recebe-exposicao-subaquatica\/","og_site_name":"Real Hotels Group","article_published_time":"2023-05-18T11:29:29+00:00","article_modified_time":"2023-05-18T11:35:30+00:00","og_image":[{"url":"https:\/\/www.realhotelsgroup.com\/wp-content\/uploads\/sites\/219\/2023\/05\/Screenshot-2023-05-18-at-12.30.12-300x221.png","type":"","width":"","height":""}],"author":"realhotels","twitter_card":"summary_large_image","twitter_misc":{"Escrito por":"realhotels","Tempo estimado de leitura":"1 minuto"},"schema":{"@context":"https:\/\/schema.org","@graph":[{"@type":"Article","@id":"https:\/\/www.realhotelsgroup.com\/pt-pt\/news\/praia-de-santa-eulalia-recebe-exposicao-subaquatica\/#article","isPartOf":{"@id":"https:\/\/www.realhotelsgroup.com\/pt-pt\/news\/praia-de-santa-eulalia-recebe-exposicao-subaquatica\/"},"author":{"name":"realhotels","@id":"https:\/\/www.realhotelsgroup.com\/pt-pt\/#\/schema\/person\/db95ee8fa0a79f3b0e21ad1e7f11fccc"},"headline":"Praia de Santa Eul\u00e1lia recebe exposi\u00e7\u00e3o subaqu\u00e1tica","datePublished":"2023-05-18T11:29:29+00:00","dateModified":"2023-05-18T11:35:30+00:00","mainEntityOfPage":{"@id":"https:\/\/www.realhotelsgroup.com\/pt-pt\/news\/praia-de-santa-eulalia-recebe-exposicao-subaquatica\/"},"wordCount":211,"commentCount":0,"image":{"@id":"https:\/\/www.realhotelsgroup.com\/pt-pt\/news\/praia-de-santa-eulalia-recebe-exposicao-subaquatica\/#primaryimage"},"thumbnailUrl":"https:\/\/www.realhotelsgroup.com\/wp-content\/uploads\/sites\/219\/2023\/05\/Screenshot-2023-05-18-at-12.30.12-300x221.png","articleSection":["Uncategorized"],"inLanguage":"pt-PT","potentialAction":[{"@type":"CommentAction","name":"Comment","target":["https:\/\/www.realhotelsgroup.com\/pt-pt\/news\/praia-de-santa-eulalia-recebe-exposicao-subaquatica\/#respond"]}]},{"@type":"WebPage","@id":"https:\/\/www.realhotelsgroup.com\/pt-pt\/news\/praia-de-santa-eulalia-recebe-exposicao-subaquatica\/","url":"https:\/\/www.realhotelsgroup.com\/pt-pt\/news\/praia-de-santa-eulalia-recebe-exposicao-subaquatica\/","name":"Praia de Santa Eul\u00e1lia recebe exposi\u00e7\u00e3o subaqu\u00e1tica - Real Hotels Group","isPartOf":{"@id":"https:\/\/www.realhotelsgroup.com\/pt-pt\/#website"},"primaryImageOfPage":{"@id":"https:\/\/www.realhotelsgroup.com\/pt-pt\/news\/praia-de-santa-eulalia-recebe-exposicao-subaquatica\/#primaryimage"},"image":{"@id":"https:\/\/www.realhotelsgroup.com\/pt-pt\/news\/praia-de-santa-eulalia-recebe-exposicao-subaquatica\/#primaryimage"},"thumbnailUrl":"https:\/\/www.realhotelsgroup.com\/wp-content\/uploads\/sites\/219\/2023\/05\/Screenshot-2023-05-18-at-12.30.12-300x221.png","datePublished":"2023-05-18T11:29:29+00:00","dateModified":"2023-05-18T11:35:30+00:00","author":{"@id":"https:\/\/www.realhotelsgroup.com\/pt-pt\/#\/schema\/person\/db95ee8fa0a79f3b0e21ad1e7f11fccc"},"breadcrumb":{"@id":"https:\/\/www.realhotelsgroup.com\/pt-pt\/news\/praia-de-santa-eulalia-recebe-exposicao-subaquatica\/#breadcrumb"},"inLanguage":"pt-PT","potentialAction":[{"@type":"ReadAction","target":["https:\/\/www.realhotelsgroup.com\/pt-pt\/news\/praia-de-santa-eulalia-recebe-exposicao-subaquatica\/"]}]},{"@type":"ImageObject","inLanguage":"pt-PT","@id":"https:\/\/www.realhotelsgroup.com\/pt-pt\/news\/praia-de-santa-eulalia-recebe-exposicao-subaquatica\/#primaryimage","url":"https:\/\/www.realhotelsgroup.com\/wp-content\/uploads\/sites\/219\/2023\/05\/Screenshot-2023-05-18-at-12.30.12-300x221.png","contentUrl":"https:\/\/www.realhotelsgroup.com\/wp-content\/uploads\/sites\/219\/2023\/05\/Screenshot-2023-05-18-at-12.30.12-300x221.png"},{"@type":"BreadcrumbList","@id":"https:\/\/www.realhotelsgroup.com\/pt-pt\/news\/praia-de-santa-eulalia-recebe-exposicao-subaquatica\/#breadcrumb","itemListElement":[{"@type":"ListItem","position":1,"name":"Home","item":"https:\/\/www.realhotelsgroup.com\/pt-pt\/"},{"@type":"ListItem","position":2,"name":"Praia de Santa Eul\u00e1lia recebe exposi\u00e7\u00e3o subaqu\u00e1tica"}]},{"@type":"WebSite","@id":"https:\/\/www.realhotelsgroup.com\/pt-pt\/#website","url":"https:\/\/www.realhotelsgroup.com\/pt-pt\/","name":"Real Hotels Group","description":"Just another ms.decms.eu site","potentialAction":[{"@type":"SearchAction","target":{"@type":"EntryPoint","urlTemplate":"https:\/\/www.realhotelsgroup.com\/pt-pt\/?s={search_term_string}"},"query-input":{"@type":"PropertyValueSpecification","valueRequired":true,"valueName":"search_term_string"}}],"inLanguage":"pt-PT"},{"@type":"Person","@id":"https:\/\/www.realhotelsgroup.com\/pt-pt\/#\/schema\/person\/db95ee8fa0a79f3b0e21ad1e7f11fccc","name":"realhotels","image":{"@type":"ImageObject","inLanguage":"pt-PT","@id":"https:\/\/www.realhotelsgroup.com\/pt-pt\/#\/schema\/person\/image\/","url":"https:\/\/secure.gravatar.com\/avatar\/3248d338c85f861b809144e9e2d907a1f04388a06a615b654254cd679a8a29df?s=96&d=mm&r=g","contentUrl":"https:\/\/secure.gravatar.com\/avatar\/3248d338c85f861b809144e9e2d907a1f04388a06a615b654254cd679a8a29df?s=96&d=mm&r=g","caption":"realhotels"},"url":"https:\/\/www.realhotelsgroup.com\/pt-pt\/author\/realhotels\/"}]}},"acf":[],"_links":{"self":[{"href":"https:\/\/www.realhotelsgroup.com\/pt-pt\/wp-json\/wp\/v2\/posts\/1449","targetHints":{"allow":["GET"]}}],"collection":[{"href":"https:\/\/www.realhotelsgroup.com\/pt-pt\/wp-json\/wp\/v2\/posts"}],"about":[{"href":"https:\/\/www.realhotelsgroup.com\/pt-pt\/wp-json\/wp\/v2\/types\/post"}],"author":[{"embeddable":true,"href":"https:\/\/www.realhotelsgroup.com\/pt-pt\/wp-json\/wp\/v2\/users\/241"}],"replies":[{"embeddable":true,"href":"https:\/\/www.realhotelsgroup.com\/pt-pt\/wp-json\/wp\/v2\/comments?post=1449"}],"version-history":[{"count":0,"href":"https:\/\/www.realhotelsgroup.com\/pt-pt\/wp-json\/wp\/v2\/posts\/1449\/revisions"}],"wp:attachment":[{"href":"https:\/\/www.realhotelsgroup.com\/pt-pt\/wp-json\/wp\/v2\/media?parent=1449"}],"wp:term":[{"taxonomy":"category","embeddable":true,"href":"https:\/\/www.realhotelsgroup.com\/pt-pt\/wp-json\/wp\/v2\/categories?post=1449"},{"taxonomy":"post_tag","embeddable":true,"href":"https:\/\/www.realhotelsgroup.com\/pt-pt\/wp-json\/wp\/v2\/tags?post=1449"}],"curies":[{"name":"wp","href":"https:\/\/api.w.org\/{rel}","templated":true}]}}